{"id":7408,"date":"2022-07-27T18:12:11","date_gmt":"2022-07-27T16:12:11","guid":{"rendered":"https:\/\/my-digital-journey.com\/?p=7408"},"modified":"2026-03-02T20:20:48","modified_gmt":"2026-03-02T19:20:48","slug":"globale-farbpaletten-und-dark-mode-farbeinstellungsmoeglichkeiten-des-kadence-themes-erklaert","status":"publish","type":"post","link":"https:\/\/my-digital-journey.com\/de\/globale-farbpaletten-und-dark-mode-farbeinstellungsmoeglichkeiten-des-kadence-themes-erklaert\/","title":{"rendered":"Globale Farbpaletten und der Dark Mode: Die Farbeinstellungen des Kadence Themes erkl\u00e4rt\u00a0"},"content":{"rendered":"\n<p>In diesem Beginner-Guide erf\u00e4hrst du, wie du die Farbpaletten des Kadence Themes effektiv nutzt und wie du mit Hilfe der Farbpaletten und mit wenig Aufwand einen Dark Mode implementierst.<\/p>\n\n\n<div data-etch-element=\"flex-div\" class=\"kadence-guide-card\"><div class=\"kadence-guide-card__header\"><div data-etch-element=\"flex-div\" class=\"kadence-guide-card__heading-wrapper\"><div style=\"--accent-pill-spacing:0 .5em; --accent-pill-bg:var(--bg-clr-200); --accent-pill-text-color:oklch(from var(--primary-clr) 50% c h); --accent-pill-border:var(--border);\" class=\"accent-pill\">Kadence Quick Start Guide<\/div><h3 class=\"kadence-guide-card__heading\">In nur wenigen Schritten zur eigenen WordPress-Website\n<\/h3><\/div><\/div><ol class=\"kadence-guide-card__list\"><li class=\"kadence-guide-card__list-item\"><span class=\"kadence-guide-card__text\">Hosting-Provider w\u00e4hlen \u2013 wenn du gerade erst startest, empfehle ich <a href=\"\/recommends-all-inkl\/\" target=\"_blank\">all-inkl.com*<\/a>. <\/span><\/li><li class=\"kadence-guide-card__list-item\"><span class=\"kadence-guide-card__text\">Domain registrieren \u2013 das ist oft direkt beim Hosting-Provider m\u00f6glich. <\/span><\/li><li class=\"kadence-guide-card__list-item\"><span class=\"kadence-guide-card__text\">Die aktuelle WordPress-Version auf deiner Domain installieren.\n\n<\/span><\/li><li class=\"kadence-guide-card__list-item\"><span class=\"kadence-guide-card__text\">Das <b>Kadence Theme<\/b> installieren \u2013 f\u00fcr komplexere Websites empfehle ich, die <a href=\"\/recommends-kadence-pro\" target=\"_blank\">Kadence-Pro-Erweiterung*<\/a> ebenfalls zu installieren.<\/span><\/li><li class=\"kadence-guide-card__list-item\"><span class=\"kadence-guide-card__text\">Um einen gr\u00f6\u00dferen Gestaltungsfreiraum zu erhalten, empfehle ich die Installation der Blockeditor-Erweiterung <b>Kadence Blocks<\/b> \u2013 auch hier gibt es eine <a href=\"\/recommends-kadence-blocks-pro\/\" target=\"_blank\">Pro-Version*<\/a> mit erweitertem Funktionsumfang.<\/span><\/li><\/ol><\/div>\n\n\n<h2 class=\"wp-block-heading\">Die Grundlagen zu den Kadence Farbpaletten<\/h2>\n\n\n\n<p>Du kannst die Kadence-Farbpalette im Customizer unter <em>Colors &amp; Fonts &gt; Farben<\/em> finden. Das Kadence Theme erlaubt es dir, 3 Farbpaletten zu definieren. Dabei ist aber immer nur eine auf der Website aktiv.<\/p>\n\n\n\n<figure class=\"wp-block-image wp-block-kadence-image kb-image7408_485458-c2 size-full\"><img loading=\"lazy\" decoding=\"async\" width=\"405\" height=\"380\" src=\"https:\/\/my-digital-journey.com\/wp-content\/uploads\/2022\/07\/set-up-to-3-global-color-palettes.jpg\" alt=\"\" class=\"wp-image-7638\" srcset=\"https:\/\/my-digital-journey.com\/wp-content\/uploads\/2022\/07\/set-up-to-3-global-color-palettes.jpg 405w, https:\/\/my-digital-journey.com\/wp-content\/uploads\/2022\/07\/set-up-to-3-global-color-palettes-300x281.jpg 300w\" sizes=\"auto, (max-width: 405px) 100vw, 405px\" \/><\/figure>\n\n\n\n<p>Die anderen beiden sind daf\u00fcr gedacht, dass du bei Bedarf schnell das Aussehen deiner Website anpassen kannst. Das macht besonders in Verbindung mit dem Dark Mode Sinn, aber dazu sp\u00e4ter mehr.<\/p>\n\n\n\n<p>Die Farben der Farbpalette lassen sich im Customizer und in den jeweiligen Blockeinstellungen ausw\u00e4hlen. Damit sind die jeweiligen Theme- und Blockeinstellungen auch schon mit der Farbpalette verkn\u00fcpft. Im Customizer und bei allen Kadence-Gutenberg-Bl\u00f6cken wird dann ein kleiner Globus in der Mitte des Farbvorschaukreises angezeigt.&nbsp;<\/p>\n\n\n\n<figure class=\"wp-block-image wp-block-kadence-image kb-image7408_8a9193-8b size-full\"><img loading=\"lazy\" decoding=\"async\" width=\"501\" height=\"653\" src=\"https:\/\/my-digital-journey.com\/wp-content\/uploads\/2022\/07\/set-global-colors-in-kadence-block.jpg\" alt=\"\" class=\"wp-image-7642\" srcset=\"https:\/\/my-digital-journey.com\/wp-content\/uploads\/2022\/07\/set-global-colors-in-kadence-block.jpg 501w, https:\/\/my-digital-journey.com\/wp-content\/uploads\/2022\/07\/set-global-colors-in-kadence-block-230x300.jpg 230w\" sizes=\"auto, (max-width: 501px) 100vw, 501px\" \/><\/figure>\n\n\n\n<p>Bei den Standard-Gutenberg-Bl\u00f6cken wird die aktive Farbpalette ebenfalls angezeigt. Bei der Farbauswahl des jeweiligen Blocks kannst du sie unter der \u00dcberschrift \u201cTheme\u201d finden. Hier wird die Auswahl der Farbe zwar durch einen Haken gekennzeichnet, aber ansonsten gibt es keine Unterschiede zu den Kadence-Bl\u00f6cken.<\/p>\n\n\n\n<figure class=\"wp-block-image wp-block-kadence-image kb-image7408_57b251-7c size-full\"><img loading=\"lazy\" decoding=\"async\" width=\"807\" height=\"784\" src=\"https:\/\/my-digital-journey.com\/wp-content\/uploads\/2022\/07\/set-global-color-in-core-gutenberg-block.jpg\" alt=\"\" class=\"wp-image-7640\" srcset=\"https:\/\/my-digital-journey.com\/wp-content\/uploads\/2022\/07\/set-global-color-in-core-gutenberg-block.jpg 807w, https:\/\/my-digital-journey.com\/wp-content\/uploads\/2022\/07\/set-global-color-in-core-gutenberg-block-300x291.jpg 300w, https:\/\/my-digital-journey.com\/wp-content\/uploads\/2022\/07\/set-global-color-in-core-gutenberg-block-768x746.jpg 768w\" sizes=\"auto, (max-width: 807px) 100vw, 807px\" \/><\/figure>\n\n\n\n<h2 class=\"wp-block-heading\">Was ist eine globale Farbpalette?<\/h2>\n\n\n\n<p>Der gro\u00dfe Vorteil dieser Farbpalette ist, dass sie global ist. Aber was bedeutet das \u00fcberhaupt?&nbsp;<\/p>\n\n\n\n<p>Sobald du deine&nbsp; Theme- und Blockeinstellungen erst einmal mit der Kadence-Farbpalette verkn\u00fcpft hast, kannst du eine Farbe aus der Farbpalette ganz einfach im Customizer (<em>Colors &amp; Fonts &gt; Farben<\/em>) anpassen und \u00fcberall, wo du diese Farbe in deinen Einstellungen verwendet hast, wird diese Anpassung \u00fcbernommen.&nbsp;<\/p>\n\n\n\n<p>Dies erspart dir extrem viel Zeit und du hast damit die M\u00f6glichkeit, schnell und unkompliziert verschiedene Farbkombinationen auf deiner Website zu testen.<\/p>\n\n\n\n<h2 class=\"wp-block-heading\">Wie setzt sich eine Kadence-Farbpalette zusammen?<\/h2>\n\n\n\n<p>Eine Farbpalette im Kadence Theme besteht immer aus 9 Farben. Dabei hat jede Farbe der Farbpalette eine bestimmte Funktion, die du bei der Zuordnung der Farben auf jeden Fall beachten solltest. Lass uns die Farben der Reihe nach von links nach rechts durchgehen.<\/p>\n\n\n\n<h3 class=\"wp-block-heading\">Farben 1 und 2 &#8211; w\u00e4hle die Akzentfarben deines Themes aus<\/h3>\n\n\n\n<figure class=\"wp-block-image wp-block-kadence-image kb-image7408_3e54a2-9f size-full\"><img loading=\"lazy\" decoding=\"async\" width=\"579\" height=\"585\" src=\"https:\/\/my-digital-journey.com\/wp-content\/uploads\/2022\/07\/first-two-colors-of-global-palette-kadence-theme.jpg\" alt=\"\" class=\"wp-image-7644\" srcset=\"https:\/\/my-digital-journey.com\/wp-content\/uploads\/2022\/07\/first-two-colors-of-global-palette-kadence-theme.jpg 579w, https:\/\/my-digital-journey.com\/wp-content\/uploads\/2022\/07\/first-two-colors-of-global-palette-kadence-theme-297x300.jpg 297w\" sizes=\"auto, (max-width: 579px) 100vw, 579px\" \/><\/figure>\n\n\n\n<p>Die beiden ersten Farben sind f\u00fcr die Akzentfarben, zum Beispiel deine Brandfarbe, vorgesehen.&nbsp;<\/p>\n\n\n\n<p><strong>Farbe 1<\/strong> ist dabei in der Regel die Originalfarbe, also in dem Beispiel der exakte Hexcode deiner Brandfarbe, und <strong>Farbe 2<\/strong> die Hover-Farbe.<\/p>\n\n\n\n<h3 class=\"wp-block-heading\">Farben 3 bis 6 \u2013 definiere die Farben f\u00fcr deine Typografie<\/h3>\n\n\n\n<figure class=\"wp-block-image wp-block-kadence-image kb-image7408_3deb18-80 size-full\"><img loading=\"lazy\" decoding=\"async\" width=\"579\" height=\"585\" src=\"https:\/\/my-digital-journey.com\/wp-content\/uploads\/2022\/07\/third-to-sixth-color-of-global-palette-kadence-theme.jpg\" alt=\"\" class=\"wp-image-7648\" srcset=\"https:\/\/my-digital-journey.com\/wp-content\/uploads\/2022\/07\/third-to-sixth-color-of-global-palette-kadence-theme.jpg 579w, https:\/\/my-digital-journey.com\/wp-content\/uploads\/2022\/07\/third-to-sixth-color-of-global-palette-kadence-theme-297x300.jpg 297w\" sizes=\"auto, (max-width: 579px) 100vw, 579px\" \/><\/figure>\n\n\n\n<p>Diese 4 Farben solltest du ausschlie\u00dflich f\u00fcr die Farbgestaltung deiner Textelemente einsetzen. Gehe dazu wie folgt vor:<\/p>\n\n\n\n<p><strong>Farbe 3<\/strong> definiert die dunkelste Textfarbe. Sie kommt in der Regel ausschlie\u00dflich bei \u00dcberschriften zum Einsatz.<\/p>\n\n\n\n<p><strong>Farbe 4<\/strong> sollte eine etwas hellere Version von Farbe 3 sein. Sie kommt bei deinen Flie\u00dftexten zum Einsatz.&nbsp;<\/p>\n\n\n\n<p><strong>Farbe 5<\/strong> sollte noch etwas heller als Farbe 4 sein und kann zum Beispiel bei Bildunterschriften und anderen Texten, die nicht im Zentrum der Aufmerksamkeit stehen sollen, benutzt werden.<\/p>\n\n\n\n<p><strong>Farbe 6<\/strong> ist f\u00fcr Platzhaltertexte\/Label von Eingabefeldern oder andere Elemente, die nur einen geringen Kontrast haben sollen, vorgesehen.&nbsp;<\/p>\n\n\n\n<h3 class=\"wp-block-heading\">Farben 7 bis 9 \u2013 lege die Farben f\u00fcr den Hintergrund fest<\/h3>\n\n\n\n<figure class=\"wp-block-image wp-block-kadence-image kb-image7408_b03a9d-92 size-full\"><img loading=\"lazy\" decoding=\"async\" width=\"579\" height=\"585\" src=\"https:\/\/my-digital-journey.com\/wp-content\/uploads\/2022\/07\/seventh-to-ninth-color-of-global-palette-kadence-theme.jpg\" alt=\"\" class=\"wp-image-7646\" srcset=\"https:\/\/my-digital-journey.com\/wp-content\/uploads\/2022\/07\/seventh-to-ninth-color-of-global-palette-kadence-theme.jpg 579w, https:\/\/my-digital-journey.com\/wp-content\/uploads\/2022\/07\/seventh-to-ninth-color-of-global-palette-kadence-theme-297x300.jpg 297w\" sizes=\"auto, (max-width: 579px) 100vw, 579px\" \/><\/figure>\n\n\n\n<p>Da moderne Websites oft nicht nur eine einzige Hintergrundfarbe benutzen, sondern beispielsweise f\u00fcr die Abgrenzung verschiedener Sektionen oder das Darstellen von Beitragsvorschauen und anderen Boxen mehrere Farben ben\u00f6tigen, bietet dir das Kadence Theme die M\u00f6glichkeit, 3 Farben f\u00fcr den Hintergrund festzulegen.<\/p>\n\n\n\n<p><strong>Farbe 7<\/strong> sollte die dunkelste der 3 Hintergrundfarben sein \u2013 in einer hellen Farbpalette wird das aber immer noch eine sehr helle Farbe sein. Hier ist es wichtig zu beachten, dass die Farbe so hell ist, dass der Kontrast zu Farbe 4 hoch genug ist, um eine gute Lesbarkeit zu garantieren.<\/p>\n\n\n\n<p><strong>Farbe 8<\/strong> sollte einige Nuancen heller sein als Farbe 7. Sp\u00e4testens jetzt sollte der Kontrast zu Farbe 5 auch hoch genug sein.<\/p>\n\n\n\n<p><strong>Farbe 9<\/strong> sollte ein sehr heller Wei\u00dfton oder sogar pures Wei\u00df sein.&nbsp;&nbsp;<\/p>\n\n\n\n<h2 class=\"wp-block-heading\">So importierst oder exportierst du eine Farbpalette im Kadence Theme<\/h2>\n\n\n\n<figure class=\"wp-block-image wp-block-kadence-image kb-image7408_055aa3-5f size-full\"><img loading=\"lazy\" decoding=\"async\" width=\"681\" height=\"943\" src=\"https:\/\/my-digital-journey.com\/wp-content\/uploads\/2022\/07\/export-import-color-palettes-kadence-theme.jpg\" alt=\"\" class=\"wp-image-7650\" srcset=\"https:\/\/my-digital-journey.com\/wp-content\/uploads\/2022\/07\/export-import-color-palettes-kadence-theme.jpg 681w, https:\/\/my-digital-journey.com\/wp-content\/uploads\/2022\/07\/export-import-color-palettes-kadence-theme-217x300.jpg 217w\" sizes=\"auto, (max-width: 681px) 100vw, 681px\" \/><\/figure>\n\n\n\n<p>Unter jeder Farbpalette befindet sich ein Symbol einer Aktenmappe. Wenn du darauf klickst, erscheint ein Pop-up. Dort kannst du im linken Reiter eine von 8 vordefinierten Farbpaletten aussuchen und im rechten Reiter deine ausgew\u00e4hlte Farbpalette exportieren oder eine andere Farbpalette importieren.&nbsp;<\/p>\n\n\n\n<p>Sobald du eine f\u00fcr dich zufriedenstellende Farbpalette gefunden hast, kannst du sie innerhalb von Sekunden durch Kopieren des angezeigten Codes auf eine deiner anderen Websites \u00fcbertragen.&nbsp;<\/p>\n\n\n\n<h2 class=\"wp-block-heading\">Der Dark Mode beim Kadence Theme \u2013 einfache Einrichtung dank mehrerer Farbpaletten<\/h2>\n\n\n\n<p>Der Dark Mode ist eine relativ neue Erg\u00e4nzung zu den umfangreichen Funktionen des Kadence Pro Themes. Er erlaubt es deinen Nutzern, die Farbpalette deiner Website selbst per Knopfdruck zu wechseln.<\/p>\n\n\n\n<p>Bevor du den Dark Mode aktivierst, solltest du nat\u00fcrlich eine der 3 Farbpalette mit einer dunklen Farbpalette ausgestattet haben. Dazu gehst du fast genauso vor, wie oben beschrieben.&nbsp;<\/p>\n\n\n\n<p>Der einzige Unterschied zu einer hellen Farbpalette ist, dass die Helligkeit der Typografie-Farben bei einer dunklen Farbpalette genau andersherum angewandt werden sollte. Das hei\u00dft, dass Farbe 3 der hellste Farbton und Farbe 6 der dunkelste sein sollte.&nbsp;&nbsp;&nbsp;<\/p>\n\n\n\n<p>Generell ist es bei der Erstellung einer Farbpalette wichtig, auf einen guten Kontrast zwischen Vorder- und Hintergrundelementen zu achten. So sollten sich zum Beispiel auch deine Akzentfarben stark genug von den dunklen Hintergrundfarben abheben.<\/p>\n\n\n\n<h3 class=\"wp-block-heading\">So aktivierst du den Dark Mode des Kadence Themes im Customizer<\/h3>\n\n\n\n<figure class=\"wp-block-image wp-block-kadence-image kb-image7408_153175-14 size-full\"><img loading=\"lazy\" decoding=\"async\" width=\"750\" height=\"469\" src=\"https:\/\/my-digital-journey.com\/wp-content\/uploads\/2022\/07\/enable-dark-mode-in-kadence-settings.jpg\" alt=\"\" class=\"wp-image-7652\" srcset=\"https:\/\/my-digital-journey.com\/wp-content\/uploads\/2022\/07\/enable-dark-mode-in-kadence-settings.jpg 750w, https:\/\/my-digital-journey.com\/wp-content\/uploads\/2022\/07\/enable-dark-mode-in-kadence-settings-300x188.jpg 300w\" sizes=\"auto, (max-width: 750px) 100vw, 750px\" \/><\/figure>\n\n\n\n<p>Bevor du startest, solltest du pr\u00fcfen, ob die Option <em>Color Palette Switch (Dark Mode)<\/em> im Backend unter <em>Design &gt; Kadence<\/em> aktiviert ist. Wenn nicht, dann aktiviere sie.<\/p>\n\n\n\n<p>Jetzt kannst du den Dark Mode im Customizer unter <em>Allgemein &gt; Color Switch (Dark Mode)<\/em> aktivieren.<\/p>\n\n\n\n<figure class=\"wp-block-image wp-block-kadence-image kb-image7408_41fbe7-d4 size-full\"><img loading=\"lazy\" decoding=\"async\" width=\"582\" height=\"531\" src=\"https:\/\/my-digital-journey.com\/wp-content\/uploads\/2022\/07\/enable-dark-mode-in-customizer.jpg\" alt=\"\" class=\"wp-image-7654\" srcset=\"https:\/\/my-digital-journey.com\/wp-content\/uploads\/2022\/07\/enable-dark-mode-in-customizer.jpg 582w, https:\/\/my-digital-journey.com\/wp-content\/uploads\/2022\/07\/enable-dark-mode-in-customizer-300x274.jpg 300w\" sizes=\"auto, (max-width: 582px) 100vw, 582px\" \/><\/figure>\n\n\n<div class=\"info-card\"><div class=\"info-card__heading-wrapper\"> <svg height=\"24px\" viewBox=\"0 -960 960 960\" width=\"24px\" fill=\"#1f1f1f\" class=\"info-card__icon\"><path d=\"M440-280h80v-240h-80v240Zm68.5-331.5Q520-623 520-640t-11.5-28.5Q497-680 480-680t-28.5 11.5Q440-657 440-640t11.5 28.5Q463-600 480-600t28.5-11.5ZM480-80q-83 0-156-31.5T197-197q-54-54-85.5-127T80-480q0-83 31.5-156T197-763q54-54 127-85.5T480-880q83 0 156 31.5T763-763q54 54 85.5 127T880-480q0 83-31.5 156T763-197q-54 54-127 85.5T480-80Zm0-80q134 0 227-93t93-227q0-134-93-227t-227-93q-134 0-227 93t-93 227q0 134 93 227t227 93Zm0-320Z\"><\/path><\/svg> <h3 class=\"info-card__heading\">Hinweis<\/h3><\/div><div class=\"info-card__content-wrapper\">\n<p>Wenn du im Header Builder das Dark-Mode-Element im Header platziert hast, wird es nicht angezeigt, solange der Dark Mode unter <em>Allgemein &gt; Color Switch (Dark Mode) <\/em>nicht aktiviert wurde.<\/p>\n<\/div><\/div>\n\n\n<p>Hier stehen dir jetzt einige Optionen zur Auswahl: Als Erstes kannst du ausw\u00e4hlen, ob die helle oder dunkle Farbpalette standardm\u00e4\u00dfig f\u00fcr Besucher aktiviert ist.<\/p>\n\n\n\n<figure class=\"wp-block-image wp-block-kadence-image kb-image7408_b968a4-d0 size-full\"><img loading=\"lazy\" decoding=\"async\" width=\"556\" height=\"978\" src=\"https:\/\/my-digital-journey.com\/wp-content\/uploads\/2022\/07\/dark-mode-settings-in-customizer.jpg\" alt=\"\" class=\"wp-image-7656\" srcset=\"https:\/\/my-digital-journey.com\/wp-content\/uploads\/2022\/07\/dark-mode-settings-in-customizer.jpg 556w, https:\/\/my-digital-journey.com\/wp-content\/uploads\/2022\/07\/dark-mode-settings-in-customizer-171x300.jpg 171w\" sizes=\"auto, (max-width: 556px) 100vw, 556px\" \/><\/figure>\n\n\n\n<p>Die zweite Option \u201cOS Aware\u201d l\u00e4sst das Betriebssystem des Ger\u00e4ts deines Website-Besuchers entscheiden, welche Farbpalette gew\u00e4hlt wird. So haben viele Smartphones beispielsweise die Option, im Energiesparmodus den Dark Mode in einer App automatisch zu aktivieren.<\/p>\n\n\n\n<p>Bei der dritten Einstellung gibst du an, welche deiner 3 Farbpaletten die dunkle ist.<\/p>\n\n\n\n<p>Wenn du im Dark Mode ein anderes Logo im Header ben\u00f6tigst, kannst du dies bei den n\u00e4chsten beiden Optionen festlegen. Hier hast du die M\u00f6glichkeit, entweder ein Dark-Mode-Logo f\u00fcr alle Bildschirmgr\u00f6\u00dfen oder jeweils eins f\u00fcr Desktop und eins f\u00fcr Tablet- und Smartphone-Bildschirmgr\u00f6\u00dfen festzulegen.<\/p>\n\n\n\n<h3 class=\"wp-block-heading\">So kannst du den Dark-Mode-Umschalter auf deiner Website integrieren \u2013 die beiden M\u00f6glichkeiten im \u00dcberblick<\/h3>\n\n\n\n<p>Die Einstellungen unter <em>Fixed Switch<\/em> erlauben es dir, einen Dark-Mode-Umschalter anzeigen zu lassen, der auch beim Scrollen dauerhaft auf dem Bildschirm zu sehen ist.&nbsp;<\/p>\n\n\n\n<figure class=\"wp-block-image wp-block-kadence-image kb-image7408_db5203-ae size-large\"><img loading=\"lazy\" decoding=\"async\" width=\"799\" height=\"1024\" src=\"https:\/\/my-digital-journey.com\/wp-content\/uploads\/2022\/07\/fixed-switch-dark-mode-settings-799x1024.jpg\" alt=\"\" class=\"wp-image-7658\" srcset=\"https:\/\/my-digital-journey.com\/wp-content\/uploads\/2022\/07\/fixed-switch-dark-mode-settings-799x1024.jpg 799w, https:\/\/my-digital-journey.com\/wp-content\/uploads\/2022\/07\/fixed-switch-dark-mode-settings-234x300.jpg 234w, https:\/\/my-digital-journey.com\/wp-content\/uploads\/2022\/07\/fixed-switch-dark-mode-settings-768x985.jpg 768w, https:\/\/my-digital-journey.com\/wp-content\/uploads\/2022\/07\/fixed-switch-dark-mode-settings.jpg 911w\" sizes=\"auto, (max-width: 799px) 100vw, 799px\" \/><\/figure>\n\n\n\n<p>Neben dieser Anzeigeoption kannst du den Umschalter auch noch im Header anzeigen lassen, indem du das Element <em>Dark Mode Toggle<\/em> im Header Builder (im Customizer unter <em>Header<\/em>) an der gew\u00fcnschten Stelle platzierst.&nbsp;<\/p>\n\n\n\n<figure class=\"wp-block-image wp-block-kadence-image kb-image7408_ebdb17-32 size-full\"><img loading=\"lazy\" decoding=\"async\" width=\"750\" height=\"495\" src=\"https:\/\/my-digital-journey.com\/wp-content\/uploads\/2022\/07\/dark-mode-toggle-in-header-builder-kadence-theme.jpg\" alt=\"\" class=\"wp-image-7660\" srcset=\"https:\/\/my-digital-journey.com\/wp-content\/uploads\/2022\/07\/dark-mode-toggle-in-header-builder-kadence-theme.jpg 750w, https:\/\/my-digital-journey.com\/wp-content\/uploads\/2022\/07\/dark-mode-toggle-in-header-builder-kadence-theme-300x198.jpg 300w\" sizes=\"auto, (max-width: 750px) 100vw, 750px\" \/><\/figure>\n\n\n\n<h3 class=\"wp-block-heading\">Diese M\u00f6glichkeiten hast du bei der Gestaltung des Umschalters&nbsp;<\/h3>\n\n\n\n<p>Die Darstellungsoptionen sind abgesehen von wenigen Ausnahmen bei beiden Varianten gleich. Zu den wenigen Unterschieden komme ich etwas sp\u00e4ter im Text.<\/p>\n\n\n\n<h4 class=\"wp-block-heading\">Den Switch Type bestimmen<\/h4>\n\n\n\n<p>Lege fest, ob der Dark-Mode-Umschalter nur aus einem Icon, Text oder einer Kombination aus beidem besteht.<\/p>\n\n\n\n<h4 class=\"wp-block-heading\">Den Switch Style des Dark-Mode-Umschalters festlegen<\/h4>\n\n\n\n<p>Falls du statt eines tats\u00e4chlichen Umschalters einen Button zum Wechsel in den Dark Mode m\u00f6chtest, kannst du das hier einstellen.<\/p>\n\n\n\n<h4 class=\"wp-block-heading\">Die Icons f\u00fcr den hellen und dunklen Modus ausw\u00e4hlen<\/h4>\n\n\n\n<p>Falls du einen Switch Type mit Icon gew\u00e4hlt hast, kannst du aus jeweils 3 verschiedenen Optionen die passenden Icons ausw\u00e4hlen.<\/p>\n\n\n\n<h4 class=\"wp-block-heading\">Gr\u00f6\u00dfe des Icons bestimmen<\/h4>\n\n\n\n<p>Du kannst jeweils f\u00fcr Desktop, Tablet und Smartphone eine separate Icon-Gr\u00f6\u00dfe einstellen.<\/p>\n\n\n\n<h4 class=\"wp-block-heading\">Farbe des Umschalters<\/h4>\n\n\n\n<p>Die linke Farbe ist f\u00fcr den hellen Modus gedacht und die rechte f\u00fcr die dunklen.&nbsp;<\/p>\n\n\n\n<p>Einfach erkl\u00e4rt: Befindet man sich im hellen Modus ist die linke Farbe \u2013 als die Farbe f\u00fcr den hellen Modus \u2013 die Text-\/Iconfarbe des Umschalters und die rechte Farbe \u2013 also die Farbe f\u00fcr den dunklen Modus \u2013 die Hintergrundfarbe.&nbsp;<\/p>\n\n\n\n<p>Wechselt man in den dunklen Modus, dann kehren sich die Farben um.<\/p>\n\n\n\n<h4 class=\"wp-block-heading\">Die Textdarstellung des Umschalters anpassen<\/h4>\n\n\n\n<p>Mit Hilfe dieser Option kannst du den Text \u2013 vorausgesetzt du benutzt einen Switch Type mit Text \u2013 des Umschalters nach deinen W\u00fcnschen gestalten.<\/p>\n\n\n\n<h4 class=\"wp-block-heading\">Titel f\u00fcr den hellen und dunklen Modus aussuchen<\/h4>\n\n\n\n<p>Die Titel erscheinen, wenn man \u00fcber den Umschalter mit dem Mauszeiger schwebt.&nbsp;<\/p>\n\n\n\n<p>Falls du den Switch Type <em>Icon <\/em>und Switch Style <em>Button <\/em>gew\u00e4hlt hast, hast du die M\u00f6glichkeit, einen Tooltip zu aktivieren. Dort wird der Titel beim Schweben \u00fcber dem Umschalter ebenfalls angezeigt.<\/p>\n\n\n\n<h3 class=\"wp-block-heading\">Diese Darstellungsoptionen hast du ausschlie\u00dflich beim Fixed Switch<\/h3>\n\n\n\n<h4 class=\"wp-block-heading\">Switch Align<\/h4>\n\n\n\n<p>Entscheide, ob der Umschalter auf der rechten oder linken Seite des Bildschirms angezeigt werden soll.<\/p>\n\n\n\n<h3 class=\"wp-block-heading\">Side Offset und Bottom Offset<\/h3>\n\n\n\n<p>Mit diesen Einstellungen bestimmst du den Abstand zum rechten bzw. linken und unteren Bildschirmrand.<\/p>\n\n\n\n<h4 class=\"wp-block-heading\">Visibility<\/h4>\n\n\n\n<p>Damit entscheidest du, auf welchen Bildschirmgr\u00f6\u00dfen der fixierte Umschalter angezeigt werden soll.<\/p>\n\n\n\n<h3 class=\"wp-block-heading\">Diese Darstellungsoptionen hast du ausschlie\u00dflich beim Header-Element<\/h3>\n\n\n\n<h4 class=\"wp-block-heading\">Marginwerte einstellen<\/h4>\n\n\n\n<p>Lege fest, wie viel Abstand der Schalter nach oben, unten, rechts und links haben soll.<\/p>\n","protected":false},"excerpt":{"rendered":"<p>In diesem Beginner-Guide erf\u00e4hrst du, wie du die Farbpaletten des Kadence Themes effektiv nutzt und wie du mit Hilfe der Farbpaletten und mit wenig Aufwand einen Dark Mode implementierst. Die Grundlagen zu den Kadence Farbpaletten Du kannst die Kadence-Farbpalette im Customizer unter Colors &amp; Fonts &gt; Farben finden. Das Kadence Theme erlaubt es dir, 3 [&hellip;]<\/p>\n","protected":false},"author":1,"featured_media":7664,"comment_status":"open","ping_status":"open","sticky":false,"template":"","format":"standard","meta":{"_acf_changed":false,"_surecart_dashboard_logo_width":"180px","_surecart_dashboard_show_logo":true,"_surecart_dashboard_navigation_orders":true,"_surecart_dashboard_navigation_invoices":true,"_surecart_dashboard_navigation_subscriptions":true,"_surecart_dashboard_navigation_downloads":true,"_surecart_dashboard_navigation_billing":true,"_surecart_dashboard_navigation_account":true,"footnotes":""},"categories":[45],"tags":[],"class_list":["post-7408","post","type-post","status-publish","format-standard","has-post-thumbnail","hentry","category-lerne-kadence"],"acf":{"faq_item":null,"faq_item_source":{"label":"FAQ Item","type":"repeater","formatted_value":false},"affiliate_partner":null,"affiliate_partner_source":{"label":"Affiliate Partner","type":"post_object","formatted_value":false}},"yoast_head":"<!-- This site is optimized with the Yoast SEO plugin v27.0 - https:\/\/yoast.com\/product\/yoast-seo-wordpress\/ -->\n<title>Globale Farbpaletten und der Dark Mode: Die Farbeinstellungen des Kadence Themes erkl\u00e4rt\u00a0<\/title>\n<meta name=\"robots\" content=\"index, follow, max-snippet:-1, max-image-preview:large, max-video-preview:-1\" \/>\n<link rel=\"canonical\" href=\"https:\/\/my-digital-journey.com\/de\/globale-farbpaletten-und-dark-mode-farbeinstellungsmoeglichkeiten-des-kadence-themes-erklaert\/\" \/>\n<meta property=\"og:locale\" content=\"de_DE\" \/>\n<meta property=\"og:type\" content=\"article\" \/>\n<meta property=\"og:title\" content=\"Globale Farbpaletten und der Dark Mode: Die Farbeinstellungen des Kadence Themes erkl\u00e4rt\u00a0\" \/>\n<meta property=\"og:description\" content=\"In diesem Beginner-Guide erf\u00e4hrst du, wie du die Farbpaletten des Kadence Themes effektiv nutzt und wie du mit Hilfe der Farbpaletten und mit wenig Aufwand einen Dark Mode implementierst. Die Grundlagen zu den Kadence Farbpaletten Du kannst die Kadence-Farbpalette im Customizer unter Colors &amp; Fonts &gt; Farben finden. Das Kadence Theme erlaubt es dir, 3 [&hellip;]\" \/>\n<meta property=\"og:url\" content=\"https:\/\/my-digital-journey.com\/de\/globale-farbpaletten-und-dark-mode-farbeinstellungsmoeglichkeiten-des-kadence-themes-erklaert\/\" \/>\n<meta property=\"og:site_name\" content=\"My Digital Journey\" \/>\n<meta property=\"article:published_time\" content=\"2022-07-27T16:12:11+00:00\" \/>\n<meta property=\"article:modified_time\" content=\"2026-03-02T19:20:48+00:00\" \/>\n<meta property=\"og:image\" content=\"https:\/\/my-digital-journey.com\/wp-content\/uploads\/2022\/07\/globale-farbpaletten-und-der-dark-mode-farbeinstellungsmoeglichkeiten-kadence-theme-erklaert.jpg\" \/>\n\t<meta property=\"og:image:width\" content=\"1200\" \/>\n\t<meta property=\"og:image:height\" content=\"800\" \/>\n\t<meta property=\"og:image:type\" content=\"image\/jpeg\" \/>\n<meta name=\"author\" content=\"AsperdenMaVaBa91\" \/>\n<meta name=\"twitter:card\" content=\"summary_large_image\" \/>\n<meta name=\"twitter:label1\" content=\"Verfasst von\" \/>\n\t<meta name=\"twitter:data1\" content=\"AsperdenMaVaBa91\" \/>\n\t<meta name=\"twitter:label2\" content=\"Gesch\u00e4tzte Lesezeit\" \/>\n\t<meta name=\"twitter:data2\" content=\"9\u00a0Minuten\" \/>\n<script type=\"application\/ld+json\" class=\"yoast-schema-graph\">{\"@context\":\"https:\/\/schema.org\",\"@graph\":[{\"@type\":\"Article\",\"@id\":\"https:\/\/my-digital-journey.com\/de\/globale-farbpaletten-und-dark-mode-farbeinstellungsmoeglichkeiten-des-kadence-themes-erklaert\/#article\",\"isPartOf\":{\"@id\":\"https:\/\/my-digital-journey.com\/de\/globale-farbpaletten-und-dark-mode-farbeinstellungsmoeglichkeiten-des-kadence-themes-erklaert\/\"},\"author\":{\"name\":\"AsperdenMaVaBa91\",\"@id\":\"https:\/\/my-digital-journey.com\/#\/schema\/person\/efb24911830fc687fa94bb8c87e80418\"},\"headline\":\"Globale Farbpaletten und der Dark Mode: Die Farbeinstellungen des Kadence Themes erkl\u00e4rt\u00a0\",\"datePublished\":\"2022-07-27T16:12:11+00:00\",\"dateModified\":\"2026-03-02T19:20:48+00:00\",\"mainEntityOfPage\":{\"@id\":\"https:\/\/my-digital-journey.com\/de\/globale-farbpaletten-und-dark-mode-farbeinstellungsmoeglichkeiten-des-kadence-themes-erklaert\/\"},\"wordCount\":1521,\"commentCount\":0,\"publisher\":{\"@id\":\"https:\/\/my-digital-journey.com\/#organization\"},\"image\":{\"@id\":\"https:\/\/my-digital-journey.com\/de\/globale-farbpaletten-und-dark-mode-farbeinstellungsmoeglichkeiten-des-kadence-themes-erklaert\/#primaryimage\"},\"thumbnailUrl\":\"https:\/\/my-digital-journey.com\/wp-content\/uploads\/2022\/07\/globale-farbpaletten-und-der-dark-mode-farbeinstellungsmoeglichkeiten-kadence-theme-erklaert.jpg\",\"articleSection\":[\"Lerne Kadence\"],\"inLanguage\":\"de\",\"potentialAction\":[{\"@type\":\"CommentAction\",\"name\":\"Comment\",\"target\":[\"https:\/\/my-digital-journey.com\/de\/globale-farbpaletten-und-dark-mode-farbeinstellungsmoeglichkeiten-des-kadence-themes-erklaert\/#respond\"]}]},{\"@type\":\"WebPage\",\"@id\":\"https:\/\/my-digital-journey.com\/de\/globale-farbpaletten-und-dark-mode-farbeinstellungsmoeglichkeiten-des-kadence-themes-erklaert\/\",\"url\":\"https:\/\/my-digital-journey.com\/de\/globale-farbpaletten-und-dark-mode-farbeinstellungsmoeglichkeiten-des-kadence-themes-erklaert\/\",\"name\":\"Globale Farbpaletten und der Dark Mode: Die Farbeinstellungen des Kadence Themes erkl\u00e4rt\u00a0\",\"isPartOf\":{\"@id\":\"https:\/\/my-digital-journey.com\/#website\"},\"primaryImageOfPage\":{\"@id\":\"https:\/\/my-digital-journey.com\/de\/globale-farbpaletten-und-dark-mode-farbeinstellungsmoeglichkeiten-des-kadence-themes-erklaert\/#primaryimage\"},\"image\":{\"@id\":\"https:\/\/my-digital-journey.com\/de\/globale-farbpaletten-und-dark-mode-farbeinstellungsmoeglichkeiten-des-kadence-themes-erklaert\/#primaryimage\"},\"thumbnailUrl\":\"https:\/\/my-digital-journey.com\/wp-content\/uploads\/2022\/07\/globale-farbpaletten-und-der-dark-mode-farbeinstellungsmoeglichkeiten-kadence-theme-erklaert.jpg\",\"datePublished\":\"2022-07-27T16:12:11+00:00\",\"dateModified\":\"2026-03-02T19:20:48+00:00\",\"breadcrumb\":{\"@id\":\"https:\/\/my-digital-journey.com\/de\/globale-farbpaletten-und-dark-mode-farbeinstellungsmoeglichkeiten-des-kadence-themes-erklaert\/#breadcrumb\"},\"inLanguage\":\"de\",\"potentialAction\":[{\"@type\":\"ReadAction\",\"target\":[\"https:\/\/my-digital-journey.com\/de\/globale-farbpaletten-und-dark-mode-farbeinstellungsmoeglichkeiten-des-kadence-themes-erklaert\/\"]}]},{\"@type\":\"ImageObject\",\"inLanguage\":\"de\",\"@id\":\"https:\/\/my-digital-journey.com\/de\/globale-farbpaletten-und-dark-mode-farbeinstellungsmoeglichkeiten-des-kadence-themes-erklaert\/#primaryimage\",\"url\":\"https:\/\/my-digital-journey.com\/wp-content\/uploads\/2022\/07\/globale-farbpaletten-und-der-dark-mode-farbeinstellungsmoeglichkeiten-kadence-theme-erklaert.jpg\",\"contentUrl\":\"https:\/\/my-digital-journey.com\/wp-content\/uploads\/2022\/07\/globale-farbpaletten-und-der-dark-mode-farbeinstellungsmoeglichkeiten-kadence-theme-erklaert.jpg\",\"width\":1200,\"height\":800},{\"@type\":\"BreadcrumbList\",\"@id\":\"https:\/\/my-digital-journey.com\/de\/globale-farbpaletten-und-dark-mode-farbeinstellungsmoeglichkeiten-des-kadence-themes-erklaert\/#breadcrumb\",\"itemListElement\":[{\"@type\":\"ListItem\",\"position\":1,\"name\":\"Home\",\"item\":\"https:\/\/my-digital-journey.com\/de\/\"},{\"@type\":\"ListItem\",\"position\":2,\"name\":\"Globale Farbpaletten und der Dark Mode: Die Farbeinstellungen des Kadence Themes erkl\u00e4rt\u00a0\"}]},{\"@type\":\"WebSite\",\"@id\":\"https:\/\/my-digital-journey.com\/#website\",\"url\":\"https:\/\/my-digital-journey.com\/\",\"name\":\"My Digital Journey\",\"description\":\"\",\"publisher\":{\"@id\":\"https:\/\/my-digital-journey.com\/#organization\"},\"potentialAction\":[{\"@type\":\"SearchAction\",\"target\":{\"@type\":\"EntryPoint\",\"urlTemplate\":\"https:\/\/my-digital-journey.com\/?s={search_term_string}\"},\"query-input\":{\"@type\":\"PropertyValueSpecification\",\"valueRequired\":true,\"valueName\":\"search_term_string\"}}],\"inLanguage\":\"de\"},{\"@type\":\"Organization\",\"@id\":\"https:\/\/my-digital-journey.com\/#organization\",\"name\":\"My Digital Journey\",\"url\":\"https:\/\/my-digital-journey.com\/\",\"logo\":{\"@type\":\"ImageObject\",\"inLanguage\":\"de\",\"@id\":\"https:\/\/my-digital-journey.com\/#\/schema\/logo\/image\/\",\"url\":\"https:\/\/my-digital-journey.com\/wp-content\/uploads\/2024\/05\/my-digital-journey-logo.svg\",\"contentUrl\":\"https:\/\/my-digital-journey.com\/wp-content\/uploads\/2024\/05\/my-digital-journey-logo.svg\",\"width\":1,\"height\":1,\"caption\":\"My Digital Journey\"},\"image\":{\"@id\":\"https:\/\/my-digital-journey.com\/#\/schema\/logo\/image\/\"}},{\"@type\":\"Person\",\"@id\":\"https:\/\/my-digital-journey.com\/#\/schema\/person\/efb24911830fc687fa94bb8c87e80418\",\"name\":\"AsperdenMaVaBa91\",\"image\":{\"@type\":\"ImageObject\",\"inLanguage\":\"de\",\"@id\":\"https:\/\/my-digital-journey.com\/#\/schema\/person\/image\/\",\"url\":\"https:\/\/secure.gravatar.com\/avatar\/e482501ad2608ffe702f9db8e7b7ea2d61ff793572ae07130ae4d0a3db787cb2?s=96&d=mm&r=g\",\"contentUrl\":\"https:\/\/secure.gravatar.com\/avatar\/e482501ad2608ffe702f9db8e7b7ea2d61ff793572ae07130ae4d0a3db787cb2?s=96&d=mm&r=g\",\"caption\":\"AsperdenMaVaBa91\"},\"sameAs\":[\"https:\/\/my-digital-journey.com\"],\"url\":\"https:\/\/my-digital-journey.com\/de\/author\/asperdenmavaba91\/\"}]}<\/script>\n<!-- \/ Yoast SEO plugin. -->","yoast_head_json":{"title":"Globale Farbpaletten und der Dark Mode: Die Farbeinstellungen des Kadence Themes erkl\u00e4rt\u00a0","robots":{"index":"index","follow":"follow","max-snippet":"max-snippet:-1","max-image-preview":"max-image-preview:large","max-video-preview":"max-video-preview:-1"},"canonical":"https:\/\/my-digital-journey.com\/de\/globale-farbpaletten-und-dark-mode-farbeinstellungsmoeglichkeiten-des-kadence-themes-erklaert\/","og_locale":"de_DE","og_type":"article","og_title":"Globale Farbpaletten und der Dark Mode: Die Farbeinstellungen des Kadence Themes erkl\u00e4rt\u00a0","og_description":"In diesem Beginner-Guide erf\u00e4hrst du, wie du die Farbpaletten des Kadence Themes effektiv nutzt und wie du mit Hilfe der Farbpaletten und mit wenig Aufwand einen Dark Mode implementierst. Die Grundlagen zu den Kadence Farbpaletten Du kannst die Kadence-Farbpalette im Customizer unter Colors &amp; Fonts &gt; Farben finden. Das Kadence Theme erlaubt es dir, 3 [&hellip;]","og_url":"https:\/\/my-digital-journey.com\/de\/globale-farbpaletten-und-dark-mode-farbeinstellungsmoeglichkeiten-des-kadence-themes-erklaert\/","og_site_name":"My Digital Journey","article_published_time":"2022-07-27T16:12:11+00:00","article_modified_time":"2026-03-02T19:20:48+00:00","og_image":[{"width":1200,"height":800,"url":"https:\/\/my-digital-journey.com\/wp-content\/uploads\/2022\/07\/globale-farbpaletten-und-der-dark-mode-farbeinstellungsmoeglichkeiten-kadence-theme-erklaert.jpg","type":"image\/jpeg"}],"author":"AsperdenMaVaBa91","twitter_card":"summary_large_image","twitter_misc":{"Verfasst von":"AsperdenMaVaBa91","Gesch\u00e4tzte Lesezeit":"9\u00a0Minuten"},"schema":{"@context":"https:\/\/schema.org","@graph":[{"@type":"Article","@id":"https:\/\/my-digital-journey.com\/de\/globale-farbpaletten-und-dark-mode-farbeinstellungsmoeglichkeiten-des-kadence-themes-erklaert\/#article","isPartOf":{"@id":"https:\/\/my-digital-journey.com\/de\/globale-farbpaletten-und-dark-mode-farbeinstellungsmoeglichkeiten-des-kadence-themes-erklaert\/"},"author":{"name":"AsperdenMaVaBa91","@id":"https:\/\/my-digital-journey.com\/#\/schema\/person\/efb24911830fc687fa94bb8c87e80418"},"headline":"Globale Farbpaletten und der Dark Mode: Die Farbeinstellungen des Kadence Themes erkl\u00e4rt\u00a0","datePublished":"2022-07-27T16:12:11+00:00","dateModified":"2026-03-02T19:20:48+00:00","mainEntityOfPage":{"@id":"https:\/\/my-digital-journey.com\/de\/globale-farbpaletten-und-dark-mode-farbeinstellungsmoeglichkeiten-des-kadence-themes-erklaert\/"},"wordCount":1521,"commentCount":0,"publisher":{"@id":"https:\/\/my-digital-journey.com\/#organization"},"image":{"@id":"https:\/\/my-digital-journey.com\/de\/globale-farbpaletten-und-dark-mode-farbeinstellungsmoeglichkeiten-des-kadence-themes-erklaert\/#primaryimage"},"thumbnailUrl":"https:\/\/my-digital-journey.com\/wp-content\/uploads\/2022\/07\/globale-farbpaletten-und-der-dark-mode-farbeinstellungsmoeglichkeiten-kadence-theme-erklaert.jpg","articleSection":["Lerne Kadence"],"inLanguage":"de","potentialAction":[{"@type":"CommentAction","name":"Comment","target":["https:\/\/my-digital-journey.com\/de\/globale-farbpaletten-und-dark-mode-farbeinstellungsmoeglichkeiten-des-kadence-themes-erklaert\/#respond"]}]},{"@type":"WebPage","@id":"https:\/\/my-digital-journey.com\/de\/globale-farbpaletten-und-dark-mode-farbeinstellungsmoeglichkeiten-des-kadence-themes-erklaert\/","url":"https:\/\/my-digital-journey.com\/de\/globale-farbpaletten-und-dark-mode-farbeinstellungsmoeglichkeiten-des-kadence-themes-erklaert\/","name":"Globale Farbpaletten und der Dark Mode: Die Farbeinstellungen des Kadence Themes erkl\u00e4rt\u00a0","isPartOf":{"@id":"https:\/\/my-digital-journey.com\/#website"},"primaryImageOfPage":{"@id":"https:\/\/my-digital-journey.com\/de\/globale-farbpaletten-und-dark-mode-farbeinstellungsmoeglichkeiten-des-kadence-themes-erklaert\/#primaryimage"},"image":{"@id":"https:\/\/my-digital-journey.com\/de\/globale-farbpaletten-und-dark-mode-farbeinstellungsmoeglichkeiten-des-kadence-themes-erklaert\/#primaryimage"},"thumbnailUrl":"https:\/\/my-digital-journey.com\/wp-content\/uploads\/2022\/07\/globale-farbpaletten-und-der-dark-mode-farbeinstellungsmoeglichkeiten-kadence-theme-erklaert.jpg","datePublished":"2022-07-27T16:12:11+00:00","dateModified":"2026-03-02T19:20:48+00:00","breadcrumb":{"@id":"https:\/\/my-digital-journey.com\/de\/globale-farbpaletten-und-dark-mode-farbeinstellungsmoeglichkeiten-des-kadence-themes-erklaert\/#breadcrumb"},"inLanguage":"de","potentialAction":[{"@type":"ReadAction","target":["https:\/\/my-digital-journey.com\/de\/globale-farbpaletten-und-dark-mode-farbeinstellungsmoeglichkeiten-des-kadence-themes-erklaert\/"]}]},{"@type":"ImageObject","inLanguage":"de","@id":"https:\/\/my-digital-journey.com\/de\/globale-farbpaletten-und-dark-mode-farbeinstellungsmoeglichkeiten-des-kadence-themes-erklaert\/#primaryimage","url":"https:\/\/my-digital-journey.com\/wp-content\/uploads\/2022\/07\/globale-farbpaletten-und-der-dark-mode-farbeinstellungsmoeglichkeiten-kadence-theme-erklaert.jpg","contentUrl":"https:\/\/my-digital-journey.com\/wp-content\/uploads\/2022\/07\/globale-farbpaletten-und-der-dark-mode-farbeinstellungsmoeglichkeiten-kadence-theme-erklaert.jpg","width":1200,"height":800},{"@type":"BreadcrumbList","@id":"https:\/\/my-digital-journey.com\/de\/globale-farbpaletten-und-dark-mode-farbeinstellungsmoeglichkeiten-des-kadence-themes-erklaert\/#breadcrumb","itemListElement":[{"@type":"ListItem","position":1,"name":"Home","item":"https:\/\/my-digital-journey.com\/de\/"},{"@type":"ListItem","position":2,"name":"Globale Farbpaletten und der Dark Mode: Die Farbeinstellungen des Kadence Themes erkl\u00e4rt\u00a0"}]},{"@type":"WebSite","@id":"https:\/\/my-digital-journey.com\/#website","url":"https:\/\/my-digital-journey.com\/","name":"My Digital Journey","description":"","publisher":{"@id":"https:\/\/my-digital-journey.com\/#organization"},"potentialAction":[{"@type":"SearchAction","target":{"@type":"EntryPoint","urlTemplate":"https:\/\/my-digital-journey.com\/?s={search_term_string}"},"query-input":{"@type":"PropertyValueSpecification","valueRequired":true,"valueName":"search_term_string"}}],"inLanguage":"de"},{"@type":"Organization","@id":"https:\/\/my-digital-journey.com\/#organization","name":"My Digital Journey","url":"https:\/\/my-digital-journey.com\/","logo":{"@type":"ImageObject","inLanguage":"de","@id":"https:\/\/my-digital-journey.com\/#\/schema\/logo\/image\/","url":"https:\/\/my-digital-journey.com\/wp-content\/uploads\/2024\/05\/my-digital-journey-logo.svg","contentUrl":"https:\/\/my-digital-journey.com\/wp-content\/uploads\/2024\/05\/my-digital-journey-logo.svg","width":1,"height":1,"caption":"My Digital Journey"},"image":{"@id":"https:\/\/my-digital-journey.com\/#\/schema\/logo\/image\/"}},{"@type":"Person","@id":"https:\/\/my-digital-journey.com\/#\/schema\/person\/efb24911830fc687fa94bb8c87e80418","name":"AsperdenMaVaBa91","image":{"@type":"ImageObject","inLanguage":"de","@id":"https:\/\/my-digital-journey.com\/#\/schema\/person\/image\/","url":"https:\/\/secure.gravatar.com\/avatar\/e482501ad2608ffe702f9db8e7b7ea2d61ff793572ae07130ae4d0a3db787cb2?s=96&d=mm&r=g","contentUrl":"https:\/\/secure.gravatar.com\/avatar\/e482501ad2608ffe702f9db8e7b7ea2d61ff793572ae07130ae4d0a3db787cb2?s=96&d=mm&r=g","caption":"AsperdenMaVaBa91"},"sameAs":["https:\/\/my-digital-journey.com"],"url":"https:\/\/my-digital-journey.com\/de\/author\/asperdenmavaba91\/"}]}},"_links":{"self":[{"href":"https:\/\/my-digital-journey.com\/de\/wp-json\/wp\/v2\/posts\/7408","targetHints":{"allow":["GET"]}}],"collection":[{"href":"https:\/\/my-digital-journey.com\/de\/wp-json\/wp\/v2\/posts"}],"about":[{"href":"https:\/\/my-digital-journey.com\/de\/wp-json\/wp\/v2\/types\/post"}],"author":[{"embeddable":true,"href":"https:\/\/my-digital-journey.com\/de\/wp-json\/wp\/v2\/users\/1"}],"replies":[{"embeddable":true,"href":"https:\/\/my-digital-journey.com\/de\/wp-json\/wp\/v2\/comments?post=7408"}],"version-history":[{"count":4,"href":"https:\/\/my-digital-journey.com\/de\/wp-json\/wp\/v2\/posts\/7408\/revisions"}],"predecessor-version":[{"id":16357,"href":"https:\/\/my-digital-journey.com\/de\/wp-json\/wp\/v2\/posts\/7408\/revisions\/16357"}],"wp:featuredmedia":[{"embeddable":true,"href":"https:\/\/my-digital-journey.com\/de\/wp-json\/wp\/v2\/media\/7664"}],"wp:attachment":[{"href":"https:\/\/my-digital-journey.com\/de\/wp-json\/wp\/v2\/media?parent=7408"}],"wp:term":[{"taxonomy":"category","embeddable":true,"href":"https:\/\/my-digital-journey.com\/de\/wp-json\/wp\/v2\/categories?post=7408"},{"taxonomy":"post_tag","embeddable":true,"href":"https:\/\/my-digital-journey.com\/de\/wp-json\/wp\/v2\/tags?post=7408"}],"curies":[{"name":"wp","href":"https:\/\/api.w.org\/{rel}","templated":true}]}}